{"id":5047,"date":"2026-03-24T12:35:00","date_gmt":"2026-03-24T17:35:00","guid":{"rendered":"https:\/\/ferrinonoticias.mx\/?p=5047"},"modified":"2026-03-24T12:35:00","modified_gmt":"2026-03-24T17:35:00","slug":"oficial-griezmann-firma-con-orlando-city-para-proxima-temporada","status":"publish","type":"post","link":"https:\/\/ferrinonoticias.mx\/?p=5047","title":{"rendered":"\u00a1Oficial! Griezmann firma con Orlando City para pr\u00f3xima temporada"},"content":{"rendered":"\n<p class=\"wp-block-paragraph\">Antoine Griezmann, m\u00e1ximo goleador del Atl\u00e9tico de Madrid, firm\u00f3 este martes su fichaje con el Orlando City.<\/p>\n\n\n\n<p class=\"wp-block-paragraph\">El delantero franc\u00e9s firm\u00f3 por dos a\u00f1os con el club y se incorporar\u00e1 a partir de la pr\u00f3xima temporada, una vez finalice esta temporada con los \u00abcolchoneros\u00bb en julio del presente a\u00f1o.<\/p>\n\n\n\n<p class=\"wp-block-paragraph\">A trav\u00e9s de redes sociales, el club public\u00f3 un video en el que se muestra por medio de tarjetas a los pr\u00f3ximos jugadores que arribar\u00e1n a la liga MLS, siendo una de las sorpresas, aparte de los futbolistas legendarios como Kak\u00e1, David Villa, Thierry Henry.<\/p>\n\n\n\n<p class=\"wp-block-paragraph\">Sin embargo, oficializaron el fichaje en otra publicaci\u00f3n, donde califican al delantero como un \u00able\u00f3n\u00bb y detallaron que ser\u00e1 parte del club hasta la temporada 2027-2028.<\/p>\n\n\n\n<p class=\"wp-block-paragraph\">\u00abANTOINE GRIEZMANN ES UN LE\u00d3N \ud83e\udd81\ud83d\udc51<\/p>\n\n\n\n<p class=\"wp-block-paragraph\">Hemos firmado al \u00edcono global del f\u00fatbol y ganador de la @FIFAWorldCup 2018 @AntoGriezmann proveniente de @Atleti. Se unir\u00e1 al club en julio de 2026 con un contrato hasta la temporada 2027\u201328, con una opci\u00f3n para 2028\u201329 como Jugador Designado \ud83d\udc4f\u00bb<\/p>\n\n\n\n<p class=\"wp-block-paragraph\"><strong>Por su parte, el club rojiblanco comparti\u00f3 un comunicado en el que se da a conocer el nuevo \u00abreto profesional\u00bb del delantero.<\/strong><\/p>\n\n\n\n<p class=\"wp-block-paragraph\">El documento detalla que el futbolista regresar\u00e1 a los entrenamientos ante la llegada de los partidos de la Copa del Rey, as\u00ed como la eliminatoria de los cuartos de final de la UEFA Champions League, donde se enfrentar\u00e1n al Barcelona el pr\u00f3ximo ocho de abril, a las 13:00 horas en el Estadio Camp Nou.<\/p>\n\n\n\n<p class=\"wp-block-paragraph\"><strong>Mi presente sigue siendo rojiblanco hasta el \u00faltimo aliento: Griezmann<\/strong><\/p>\n\n\n\n<p class=\"wp-block-paragraph\">Por medio de un comunicado, Griezmann tambi\u00e9n dio a conocer su sentimiento por este nuevo reto en su carrera, por todo lo vivido con el Atleti.<\/p>\n\n\n\n<p class=\"wp-block-paragraph\">\u00abNo es f\u00e1cil poner palabras a lo que siento, porque este club es mi casa y vosotros sois mi familia. Ha sido un viaje incre\u00edble, lleno de partidos inolvidables, de goles, de alegr\u00edas y de una pasi\u00f3n que solo los que sentimos el Atleti podemos entender.\u00bb<\/p>\n\n\n\n<p class=\"wp-block-paragraph\"><strong>Asegur\u00f3 que le quedan meses con la camiseta, por lo que \u00abdejar\u00e1 la vida\u00bb en cada partido\u00bb.<\/strong><\/p>\n\n\n\n<p class=\"wp-block-paragraph\">Nos queda un \u00faltimo baile: Atl\u00e9tico de Madrid<br>Ante este nuevo contrato, el Atl\u00e9tico de Madrid comparti\u00f3 una publicaci\u00f3n en donde mencionaron que esta temporada ser\u00e1 su \u00ab\u00daltimo Baile\u00bb con su m\u00e1ximo goleador.<\/p>\n\n\n\n<p class=\"wp-block-paragraph\">Al estilo del \u00abDream Team\u00bb, el club rojiblanco comparti\u00f3 la imagen donde se muestra la evoluci\u00f3n a trav\u00e9s de los a\u00f1os de Griezmann con el equipo, con quien ha compartido gran parte de su carrera a trav\u00e9s de 10 temporadas.<\/p>\n\n\n\n<p class=\"wp-block-paragraph\"><\/p>\n","protected":false},"excerpt":{"rendered":"<p>Antoine Griezmann, m\u00e1ximo goleador del Atl\u00e9tico de Madrid, firm\u00f3 este martes su fichaje con el Orlando City. El delantero franc\u00e9s firm\u00f3 por dos a\u00f1os con el club y se incorporar\u00e1 a partir de la pr\u00f3xima temporada, una vez finalice esta temporada con los \u00abcolchoneros\u00bb en julio del presente a\u00f1o. A trav\u00e9s de redes sociales, el [&hellip;]<\/p>\n","protected":false},"author":5,"featured_media":5048,"comment_status":"closed","ping_status":"closed","sticky":false,"template":"","format":"standard","meta":{"fifu_image_url":"","fifu_image_alt":"","footnotes":""},"categories":[37],"tags":[],"class_list":["post-5047","post","type-post","status-publish","format-standard","has-post-thumbnail","hentry","category-deportes"],"_links":{"self":[{"href":"https:\/\/ferrinonoticias.mx\/index.php?rest_route=\/wp\/v2\/posts\/5047","targetHints":{"allow":["GET"]}}],"collection":[{"href":"https:\/\/ferrinonoticias.mx\/index.php?rest_route=\/wp\/v2\/posts"}],"about":[{"href":"https:\/\/ferrinonoticias.mx\/index.php?rest_route=\/wp\/v2\/types\/post"}],"author":[{"embeddable":true,"href":"https:\/\/ferrinonoticias.mx\/index.php?rest_route=\/wp\/v2\/users\/5"}],"replies":[{"embeddable":true,"href":"https:\/\/ferrinonoticias.mx\/index.php?rest_route=%2Fwp%2Fv2%2Fcomments&post=5047"}],"version-history":[{"count":1,"href":"https:\/\/ferrinonoticias.mx\/index.php?rest_route=\/wp\/v2\/posts\/5047\/revisions"}],"predecessor-version":[{"id":5049,"href":"https:\/\/ferrinonoticias.mx\/index.php?rest_route=\/wp\/v2\/posts\/5047\/revisions\/5049"}],"wp:featuredmedia":[{"embeddable":true,"href":"https:\/\/ferrinonoticias.mx\/index.php?rest_route=\/wp\/v2\/media\/5048"}],"wp:attachment":[{"href":"https:\/\/ferrinonoticias.mx\/index.php?rest_route=%2Fwp%2Fv2%2Fmedia&parent=5047"}],"wp:term":[{"taxonomy":"category","embeddable":true,"href":"https:\/\/ferrinonoticias.mx\/index.php?rest_route=%2Fwp%2Fv2%2Fcategories&post=5047"},{"taxonomy":"post_tag","embeddable":true,"href":"https:\/\/ferrinonoticias.mx\/index.php?rest_route=%2Fwp%2Fv2%2Ftags&post=5047"}],"curies":[{"name":"wp","href":"https:\/\/api.w.org\/{rel}","templated":true}]}}